{"id":1135,"date":"2018-07-29T16:02:00","date_gmt":"2018-07-29T16:02:00","guid":{"rendered":"https:\/\/www.foresteriavenezia.it\/?p=1135\/"},"modified":"2018-12-05T17:40:49","modified_gmt":"2018-12-05T17:40:49","slug":"die-lokale-kirche","status":"publish","type":"post","link":"https:\/\/www.foresteriavenezia.it\/de\/die-lokale-kirche\/","title":{"rendered":"Die lokale Kirche"},"content":{"rendered":"<div class=\"preview\">\n<p>Die Waldensergemeinde feierte das hundertf\u00fcnfzigj\u00e4hrige Bestehen des Gotteshauses im Palazzo Cavagnis, bereits davor wurden von evangelische Gl\u00e4ubigen Bibelstunden und Treffen in anderen R\u00e4umlichkeiten gehalten.<\/p>\n<p>&nbsp;<\/p>\n<\/div>\n<p><!--more--><br \/>\n<strong>Die Waldenser und Methodistische Kirche in Venedig<\/strong><br \/>\nDie Waldenser kommen nach Venedig, als Venetien Teil Italiens wird. Pastor Giovanni Davide Turin wendet sich im Oktober 1866 an die jungen Waldenser, die dem 19. Infanterieregiment angeh\u00f6ren, und beginnt mit den ersten Bibelkreisen und Predigten in seiner Wohnung am Campo S. Zuliban.<\/p>\n<p style=\"margin: 0cm; margin-bottom: .0001pt; line-height: 28.5pt; background: white;\"><span lang=\"DE\" style=\"font-size: 13.5pt; font-family: Arial; color: #333333;\">An Weihnachten 1867 wird die Waldenser Gemeinde<\/span><span lang=\"DE\" style=\"font-size: 13.5pt; font-family: Arial; color: #333333;\">\u00a0von Venedig als Chiesa Evangelica Italiana gegr\u00fcndet. Mit einem Gottesdienst<\/span><span lang=\"DE\" style=\"font-size: 13.5pt; font-family: Arial; color: #333333;\"><span style=\"color: #ff0000;\">\u00a0<\/span><\/span><span lang=\"DE\" style=\"font-size: 13.5pt; font-family: Arial; color: #333333;\">wird am 25. Dezember 1868 ihr Sitz im Palazzo Cavagnis eingeweiht.<br \/>\nEs gibt viele Gelegenheiten zu einer intensiven Zusammenarbeit mit der Lutherischen Kirche, aber mit der Zeit werden vor allem mit der Methodistischen Kirche Aktivit\u00e4ten, Programme und die Seelsorge geteilt. 1977 <\/span><span lang=\"DE\" style=\"font-size: 13.5pt; font-family: Arial; color: #333333;\">schlie\u00dfen die Waldenser und die Methodistische Gemeinde<\/span><span lang=\"DE\" style=\"font-size: 13.5pt; font-family: Arial; color: #333333;\">\u00a0eine Vereinbarung<\/span><span lang=\"DE\" style=\"font-size: 13.5pt; font-family: Arial; color: #333333;\">, die es jedem Gl\u00e4ubigen erlaubt, seine Richtung zu bewahren und gleichzeitig Teil einer einzigen lokalen Gemeinde\u00a0<\/span><span lang=\"DE\" style=\"font-size: 13.5pt; font-family: Arial; color: #333333;\">zu sein. Die venezianische Vereinbarung\u00a0<\/span><span lang=\"DE\" style=\"font-size: 13.5pt; font-family: Arial; color: #333333;\">nimmt in einer gewissen Weise das Integrationsabkommen voraus, das auf nationaler Ebene von den italienischen Waldensern und Methodisten unterzeichnet wird: Seit 1979 bilden sie zusammen die Evangelische Waldenserkirche, Union der Methodistischen und Waldenser Kirche.<\/span><\/p>\n<p><span style=\"text-decoration: underline;\"><a href=\"https:\/\/www.foresteriavenezia.it\/wp-content\/uploads\/2018\/07\/Die-Waldenser-und-die-Methodisten-in-Venedig.pdf\" target=\"_blank\" rel=\"noopener noreferrer\">Die Waldenser und die Methodisten in Venedig<\/a><\/span><\/p>\n","protected":false},"excerpt":{"rendered":"<p>Die Waldensergemeinde feierte das hundertf\u00fcnfzigj\u00e4hrige Bestehen des Gotteshauses im Palazzo Cavagnis, bereits davor wurden von evangelische Gl\u00e4ubigen Bibelstunden und Treffen in anderen R\u00e4umlichkeiten gehalten. &nbsp;<\/p>\n","protected":false},"author":3,"featured_media":1065,"comment_status":"open","ping_status":"closed","sticky":false,"template":"","format":"standard","meta":{"_monsterinsights_skip_tracking":false,"_monsterinsights_sitenote_active":false,"_monsterinsights_sitenote_note":"","_monsterinsights_sitenote_category":0,"footnotes":""},"categories":[3],"tags":[],"class_list":["post-1135","post","type-post","status-publish","format-standard","has-post-thumbnail","hentry","category-unkategorisiert"],"yoast_head":"<!-- This site is optimized with the Yoast SEO plugin v24.8.1 - https:\/\/yoast.com\/wordpress\/plugins\/seo\/ -->\n<title>Die Lokale Waldenserkirche Kirche | Foresteria Valdese Venezia<\/title>\n<meta name=\"description\" content=\"Erfahren Sie alles \u00fcber die Waldenser Evangelische Kirche, die 150 Jahre seit der Einweihung der Kultst\u00e4tte im Palazzo Cavagnis gefeiert hat.\" \/>\n<meta name=\"robots\" content=\"index, follow, max-snippet:-1, max-image-preview:large, max-video-preview:-1\" \/>\n<link rel=\"canonical\" href=\"https:\/\/www.foresteriavenezia.it\/de\/die-lokale-kirche\/\" \/>\n<meta property=\"og:locale\" content=\"de_DE\" \/>\n<meta property=\"og:type\" content=\"article\" \/>\n<meta property=\"og:title\" content=\"Die Lokale Waldenserkirche Kirche | Foresteria Valdese Venezia\" \/>\n<meta property=\"og:description\" content=\"Erfahren Sie alles \u00fcber die Waldenser Evangelische Kirche, die 150 Jahre seit der Einweihung der Kultst\u00e4tte im Palazzo Cavagnis gefeiert hat.\" \/>\n<meta property=\"og:url\" content=\"https:\/\/www.foresteriavenezia.it\/de\/die-lokale-kirche\/\" \/>\n<meta property=\"og:site_name\" content=\"Foresteria Valdese Venezia\" \/>\n<meta property=\"article:publisher\" content=\"https:\/\/www.facebook.com\/ForesteriaValdeseVenezia\/\" \/>\n<meta property=\"article:published_time\" content=\"2018-07-29T16:02:00+00:00\" \/>\n<meta property=\"article:modified_time\" content=\"2018-12-05T17:40:49+00:00\" \/>\n<meta property=\"og:image\" content=\"https:\/\/www.foresteriavenezia.it\/wp-content\/uploads\/2018\/07\/P1000505-Chiesa.jpg\" \/>\n\t<meta property=\"og:image:width\" content=\"1600\" \/>\n\t<meta property=\"og:image:height\" content=\"2133\" \/>\n\t<meta property=\"og:image:type\" content=\"image\/jpeg\" \/>\n<meta name=\"author\" content=\"ksenia\" \/>\n<meta name=\"twitter:card\" content=\"summary_large_image\" \/>\n<meta name=\"twitter:creator\" content=\"@ForesteriaVenez\" \/>\n<meta name=\"twitter:site\" content=\"@ForesteriaVenez\" \/>\n<meta name=\"twitter:label1\" content=\"Written by\" \/>\n\t<meta name=\"twitter:data1\" content=\"ksenia\" \/>\n\t<meta name=\"twitter:label2\" content=\"Est. reading time\" \/>\n\t<meta name=\"twitter:data2\" content=\"1 minute\" \/>\n<script type=\"application\/ld+json\" class=\"yoast-schema-graph\">{\"@context\":\"https:\/\/schema.org\",\"@graph\":[{\"@type\":\"WebPage\",\"@id\":\"https:\/\/www.foresteriavenezia.it\/de\/die-lokale-kirche\/\",\"url\":\"https:\/\/www.foresteriavenezia.it\/de\/die-lokale-kirche\/\",\"name\":\"Die Lokale Waldenserkirche Kirche | Foresteria Valdese Venezia\",\"isPartOf\":{\"@id\":\"https:\/\/www.foresteriavenezia.it\/#website\"},\"primaryImageOfPage\":{\"@id\":\"https:\/\/www.foresteriavenezia.it\/de\/die-lokale-kirche\/#primaryimage\"},\"image\":{\"@id\":\"https:\/\/www.foresteriavenezia.it\/de\/die-lokale-kirche\/#primaryimage\"},\"thumbnailUrl\":\"https:\/\/www.foresteriavenezia.it\/wp-content\/uploads\/2018\/07\/P1000505-Chiesa.jpg\",\"datePublished\":\"2018-07-29T16:02:00+00:00\",\"dateModified\":\"2018-12-05T17:40:49+00:00\",\"author\":{\"@id\":\"https:\/\/www.foresteriavenezia.it\/#\/schema\/person\/8b2b27679b37fdcfcc8e40d7608d0ed4\"},\"description\":\"Erfahren Sie alles \u00fcber die Waldenser Evangelische Kirche, die 150 Jahre seit der Einweihung der Kultst\u00e4tte im Palazzo Cavagnis gefeiert hat.\",\"breadcrumb\":{\"@id\":\"https:\/\/www.foresteriavenezia.it\/de\/die-lokale-kirche\/#breadcrumb\"},\"inLanguage\":\"de-DE\",\"potentialAction\":[{\"@type\":\"ReadAction\",\"target\":[\"https:\/\/www.foresteriavenezia.it\/de\/die-lokale-kirche\/\"]}]},{\"@type\":\"ImageObject\",\"inLanguage\":\"de-DE\",\"@id\":\"https:\/\/www.foresteriavenezia.it\/de\/die-lokale-kirche\/#primaryimage\",\"url\":\"https:\/\/www.foresteriavenezia.it\/wp-content\/uploads\/2018\/07\/P1000505-Chiesa.jpg\",\"contentUrl\":\"https:\/\/www.foresteriavenezia.it\/wp-content\/uploads\/2018\/07\/P1000505-Chiesa.jpg\",\"width\":1600,\"height\":2133,\"caption\":\"Community Activities - Attivit\u00e0 comunitarie\"},{\"@type\":\"BreadcrumbList\",\"@id\":\"https:\/\/www.foresteriavenezia.it\/de\/die-lokale-kirche\/#breadcrumb\",\"itemListElement\":[{\"@type\":\"ListItem\",\"position\":1,\"name\":\"Home\",\"item\":\"https:\/\/www.foresteriavenezia.it\/de\/\"},{\"@type\":\"ListItem\",\"position\":2,\"name\":\"Die lokale Kirche\"}]},{\"@type\":\"WebSite\",\"@id\":\"https:\/\/www.foresteriavenezia.it\/#website\",\"url\":\"https:\/\/www.foresteriavenezia.it\/\",\"name\":\"Foresteria Valdese Venezia\",\"description\":\"Ferienhaus in Venedig in der N\u00e4he von Rialto und San Marco\",\"potentialAction\":[{\"@type\":\"SearchAction\",\"target\":{\"@type\":\"EntryPoint\",\"urlTemplate\":\"https:\/\/www.foresteriavenezia.it\/?s={search_term_string}\"},\"query-input\":{\"@type\":\"PropertyValueSpecification\",\"valueRequired\":true,\"valueName\":\"search_term_string\"}}],\"inLanguage\":\"de-DE\"},{\"@type\":\"Person\",\"@id\":\"https:\/\/www.foresteriavenezia.it\/#\/schema\/person\/8b2b27679b37fdcfcc8e40d7608d0ed4\",\"name\":\"ksenia\",\"image\":{\"@type\":\"ImageObject\",\"inLanguage\":\"de-DE\",\"@id\":\"https:\/\/www.foresteriavenezia.it\/#\/schema\/person\/image\/\",\"url\":\"https:\/\/secure.gravatar.com\/avatar\/39a525c2db5cdcd21c7b7a77dbef079eecbbfb90fbe0191818abe6d242bf19e1?s=96&d=mm&r=g\",\"contentUrl\":\"https:\/\/secure.gravatar.com\/avatar\/39a525c2db5cdcd21c7b7a77dbef079eecbbfb90fbe0191818abe6d242bf19e1?s=96&d=mm&r=g\",\"caption\":\"ksenia\"},\"url\":\"https:\/\/www.foresteriavenezia.it\/de\/author\/ksenia\/\"}]}<\/script>\n<!-- \/ Yoast SEO plugin. -->","yoast_head_json":{"title":"Die Lokale Waldenserkirche Kirche | Foresteria Valdese Venezia","description":"Erfahren Sie alles \u00fcber die Waldenser Evangelische Kirche, die 150 Jahre seit der Einweihung der Kultst\u00e4tte im Palazzo Cavagnis gefeiert hat.","robots":{"index":"index","follow":"follow","max-snippet":"max-snippet:-1","max-image-preview":"max-image-preview:large","max-video-preview":"max-video-preview:-1"},"canonical":"https:\/\/www.foresteriavenezia.it\/de\/die-lokale-kirche\/","og_locale":"de_DE","og_type":"article","og_title":"Die Lokale Waldenserkirche Kirche | Foresteria Valdese Venezia","og_description":"Erfahren Sie alles \u00fcber die Waldenser Evangelische Kirche, die 150 Jahre seit der Einweihung der Kultst\u00e4tte im Palazzo Cavagnis gefeiert hat.","og_url":"https:\/\/www.foresteriavenezia.it\/de\/die-lokale-kirche\/","og_site_name":"Foresteria Valdese Venezia","article_publisher":"https:\/\/www.facebook.com\/ForesteriaValdeseVenezia\/","article_published_time":"2018-07-29T16:02:00+00:00","article_modified_time":"2018-12-05T17:40:49+00:00","og_image":[{"width":1600,"height":2133,"url":"https:\/\/www.foresteriavenezia.it\/wp-content\/uploads\/2018\/07\/P1000505-Chiesa.jpg","type":"image\/jpeg"}],"author":"ksenia","twitter_card":"summary_large_image","twitter_creator":"@ForesteriaVenez","twitter_site":"@ForesteriaVenez","twitter_misc":{"Written by":"ksenia","Est. reading time":"1 minute"},"schema":{"@context":"https:\/\/schema.org","@graph":[{"@type":"WebPage","@id":"https:\/\/www.foresteriavenezia.it\/de\/die-lokale-kirche\/","url":"https:\/\/www.foresteriavenezia.it\/de\/die-lokale-kirche\/","name":"Die Lokale Waldenserkirche Kirche | Foresteria Valdese Venezia","isPartOf":{"@id":"https:\/\/www.foresteriavenezia.it\/#website"},"primaryImageOfPage":{"@id":"https:\/\/www.foresteriavenezia.it\/de\/die-lokale-kirche\/#primaryimage"},"image":{"@id":"https:\/\/www.foresteriavenezia.it\/de\/die-lokale-kirche\/#primaryimage"},"thumbnailUrl":"https:\/\/www.foresteriavenezia.it\/wp-content\/uploads\/2018\/07\/P1000505-Chiesa.jpg","datePublished":"2018-07-29T16:02:00+00:00","dateModified":"2018-12-05T17:40:49+00:00","author":{"@id":"https:\/\/www.foresteriavenezia.it\/#\/schema\/person\/8b2b27679b37fdcfcc8e40d7608d0ed4"},"description":"Erfahren Sie alles \u00fcber die Waldenser Evangelische Kirche, die 150 Jahre seit der Einweihung der Kultst\u00e4tte im Palazzo Cavagnis gefeiert hat.","breadcrumb":{"@id":"https:\/\/www.foresteriavenezia.it\/de\/die-lokale-kirche\/#breadcrumb"},"inLanguage":"de-DE","potentialAction":[{"@type":"ReadAction","target":["https:\/\/www.foresteriavenezia.it\/de\/die-lokale-kirche\/"]}]},{"@type":"ImageObject","inLanguage":"de-DE","@id":"https:\/\/www.foresteriavenezia.it\/de\/die-lokale-kirche\/#primaryimage","url":"https:\/\/www.foresteriavenezia.it\/wp-content\/uploads\/2018\/07\/P1000505-Chiesa.jpg","contentUrl":"https:\/\/www.foresteriavenezia.it\/wp-content\/uploads\/2018\/07\/P1000505-Chiesa.jpg","width":1600,"height":2133,"caption":"Community Activities - Attivit\u00e0 comunitarie"},{"@type":"BreadcrumbList","@id":"https:\/\/www.foresteriavenezia.it\/de\/die-lokale-kirche\/#breadcrumb","itemListElement":[{"@type":"ListItem","position":1,"name":"Home","item":"https:\/\/www.foresteriavenezia.it\/de\/"},{"@type":"ListItem","position":2,"name":"Die lokale Kirche"}]},{"@type":"WebSite","@id":"https:\/\/www.foresteriavenezia.it\/#website","url":"https:\/\/www.foresteriavenezia.it\/","name":"Foresteria Valdese Venezia","description":"Ferienhaus in Venedig in der N\u00e4he von Rialto und San Marco","potentialAction":[{"@type":"SearchAction","target":{"@type":"EntryPoint","urlTemplate":"https:\/\/www.foresteriavenezia.it\/?s={search_term_string}"},"query-input":{"@type":"PropertyValueSpecification","valueRequired":true,"valueName":"search_term_string"}}],"inLanguage":"de-DE"},{"@type":"Person","@id":"https:\/\/www.foresteriavenezia.it\/#\/schema\/person\/8b2b27679b37fdcfcc8e40d7608d0ed4","name":"ksenia","image":{"@type":"ImageObject","inLanguage":"de-DE","@id":"https:\/\/www.foresteriavenezia.it\/#\/schema\/person\/image\/","url":"https:\/\/secure.gravatar.com\/avatar\/39a525c2db5cdcd21c7b7a77dbef079eecbbfb90fbe0191818abe6d242bf19e1?s=96&d=mm&r=g","contentUrl":"https:\/\/secure.gravatar.com\/avatar\/39a525c2db5cdcd21c7b7a77dbef079eecbbfb90fbe0191818abe6d242bf19e1?s=96&d=mm&r=g","caption":"ksenia"},"url":"https:\/\/www.foresteriavenezia.it\/de\/author\/ksenia\/"}]}},"_links":{"self":[{"href":"https:\/\/www.foresteriavenezia.it\/de\/wp-json\/wp\/v2\/posts\/1135","targetHints":{"allow":["GET"]}}],"collection":[{"href":"https:\/\/www.foresteriavenezia.it\/de\/wp-json\/wp\/v2\/posts"}],"about":[{"href":"https:\/\/www.foresteriavenezia.it\/de\/wp-json\/wp\/v2\/types\/post"}],"author":[{"embeddable":true,"href":"https:\/\/www.foresteriavenezia.it\/de\/wp-json\/wp\/v2\/users\/3"}],"replies":[{"embeddable":true,"href":"https:\/\/www.foresteriavenezia.it\/de\/wp-json\/wp\/v2\/comments?post=1135"}],"version-history":[{"count":8,"href":"https:\/\/www.foresteriavenezia.it\/de\/wp-json\/wp\/v2\/posts\/1135\/revisions"}],"predecessor-version":[{"id":1475,"href":"https:\/\/www.foresteriavenezia.it\/de\/wp-json\/wp\/v2\/posts\/1135\/revisions\/1475"}],"wp:featuredmedia":[{"embeddable":true,"href":"https:\/\/www.foresteriavenezia.it\/de\/wp-json\/wp\/v2\/media\/1065"}],"wp:attachment":[{"href":"https:\/\/www.foresteriavenezia.it\/de\/wp-json\/wp\/v2\/media?parent=1135"}],"wp:term":[{"taxonomy":"category","embeddable":true,"href":"https:\/\/www.foresteriavenezia.it\/de\/wp-json\/wp\/v2\/categories?post=1135"},{"taxonomy":"post_tag","embeddable":true,"href":"https:\/\/www.foresteriavenezia.it\/de\/wp-json\/wp\/v2\/tags?post=1135"}],"curies":[{"name":"wp","href":"https:\/\/api.w.org\/{rel}","templated":true}]}}